{"id":1019,"date":"2020-04-27T14:44:17","date_gmt":"2020-04-27T12:44:17","guid":{"rendered":"http:\/\/www.cpasestaimpuis.be\/?p=1019"},"modified":"2025-10-08T19:55:56","modified_gmt":"2025-10-08T17:55:56","slug":"reglement-general-sur-la-protection-des-donnees","status":"publish","type":"post","link":"https:\/\/www.cpasestaimpuis.be\/index.php\/2020\/04\/27\/reglement-general-sur-la-protection-des-donnees\/","title":{"rendered":"R\u00e8glement g\u00e9n\u00e9ral sur la protection des donn\u00e9es."},"content":{"rendered":"\n<p><strong>Introduction&nbsp;<\/strong><\/p>\n\n\n\n<p>Le Centre Public d\u2019Action Sociale de la Ville d\u2019Estaimpuis   (ci-apr\u00e8s \u00ab le CPAS \u00bb) est un service public local. Il a pour mission d\u2019octroyer l\u2019aide sociale due par la collectivit\u00e9 aux familles et aux personnes. Il garantit \u00e0 chacun une vie conforme \u00e0 la dignit\u00e9 humaine.<\/p>\n\n\n\n<p>Le CPAS est pleinement conscient\nde sa responsabilit\u00e9 d\u2019assurer une protection optimale des donn\u00e9es \u00e0 caract\u00e8re\npersonnel de toutes les personnes physiques pour lesquelles il d\u00e9tient des\ndonn\u00e9es (notamment, usagers et leurs proches, locataires, r\u00e9sidents en maison\nde repos\u2026) et de tout mettre en \u0153uvre pour \u00eatre en conformit\u00e9 avec le R\u00e8glement\ng\u00e9n\u00e9ral sur la protection des donn\u00e9es \u00b9 (ci-apr\u00e8s \u00ab le RGPD \u00bb, selon son\nacronyme fran\u00e7ais).<\/p>\n\n\n\n<p>La pr\u00e9sente politique a pour\nobjectif d&rsquo;expliquer comment le CPAS traite (collecte, utilise et conserve,\nentre autres) les donn\u00e9es \u00e0 caract\u00e8re personnel de toutes les personnes\nphysiques dont il collecte les donn\u00e9es dans le cadre de ses missions.<\/p>\n\n\n\n<p>\u00b9 <em>R\u00e8glement (UE) 2016\/679 du Parlement europ\u00e9en et du Conseil du 27 avril\n2016 relatif \u00e0 la protection des personnes physiques \u00e0 l&rsquo;\u00e9gard du traitement\ndes donn\u00e9es \u00e0 caract\u00e8re personnel et \u00e0 la libre circulation de ces donn\u00e9es, et\nabrogeant la directive 95\/46\/CE (r\u00e8glement g\u00e9n\u00e9ral sur la protection des\ndonn\u00e9es)<\/em>.&nbsp;<a href=\"https:\/\/eur-lex.europa.eu\/eli\/reg\/2016\/679\/oj\" target=\"_blank\" rel=\"noreferrer noopener\">Lien vers le texte int\u00e9gral<\/a>.<\/p>\n\n\n\n<p><strong>Responsable du traitement <\/strong><\/p>\n\n\n\n<p>Le CPAS est le responsable du\ntraitement (au sens du RGPD) des donn\u00e9es \u00e0 caract\u00e8re personnel dont il dispose.\nLes coordonn\u00e9es du CPAS et de ses repr\u00e9sentants l\u00e9gaux sont reprises ci-apr\u00e8s :<\/p>\n\n\n\n<p>Adresse :<br> Rue de Berne, 4 7730 Leers-Nord<br> T\u00e9l\u00e9phone : 056\/48.13.30<br> <\/p>\n\n\n\n<p>Pr\u00e9sident :<br> Monsieur Geoffrey VANBOUT<br> Adresse mail\u00a0:geoffrey.vanbout@estaimpuis.be<\/p>\n\n\n\n<p>Directrice G\u00e9n\u00e9rale f.f. :<br>\nMadame Virginie BREYNE.<br>\nAdresse mail&nbsp;: virginie.breyne@estaimpuis.be<\/p>\n\n\n\n<p><strong>D\u00e9l\u00e9gu\u00e9 \u00e0 la\nprotection des donn\u00e9es<\/strong><\/p>\n\n\n\n<p>Au sein du CPAS, un D\u00e9l\u00e9gu\u00e9 \u00e0 la Protection des Donn\u00e9es (ci-apr\u00e8s \u00ab DPD \u00bb) a \u00e9t\u00e9 d\u00e9sign\u00e9 (d\u00e9lib\u00e9ration du Bureau Permanent du 30\/12\/2019) avec comme mission, d\u2019une part, d\u2019informer et de conseiller le CPAS et, d\u2019autre part, de contr\u00f4ler l\u2019application de la l\u00e9gislation et de la r\u00e9glementation interne en mati\u00e8re de donn\u00e9es personnelles.<\/p>\n\n\n\n<p>Le DPD est la personne de\nr\u00e9f\u00e9rence au sein du CPAS pour l\u2019application du RGPD. Si vous avez des\nquestions concernant la protection de vos donn\u00e9es personnelles, n\u2019h\u00e9sitez pas \u00e0\nprendre contact avec notre D\u00e9l\u00e9gu\u00e9e \u00e0 la Protection des Donn\u00e9es:<\/p>\n\n\n\n<p>D\u00e9l\u00e9gu\u00e9e \u00e0 la Protection des Donn\u00e9es<br> Rue de Berne, 4 7730 Leers-Nord<br> T\u00e9l\u00e9phone : 056\/48.13.30<br><a href=\"mailto:cpas@estaimpuis.be\">cpas@estaimpuis.be<\/a><br><\/p>\n\n\n\n<p><strong>Collecte des donn\u00e9es\n\u00e0 caract\u00e8re personnel <\/strong><\/p>\n\n\n\n<p>Une \u00ab donn\u00e9e \u00e0 caract\u00e8re\npersonnel \u00bb, c\u2019est toute information se rapportant \u00e0 une personne physique\nsusceptible d\u2019\u00eatre identifi\u00e9e ou identifiable, directement ou indirectement\n(ci-apr\u00e8s \u00ab donn\u00e9es \u00bb). \u00b2<\/p>\n\n\n\n<p>Exemples de donn\u00e9es \u00e0 caract\u00e8re\npersonnel : un identifiant, un nom, une photo, un num\u00e9ro national, une plaque\nd\u2019immatriculation, une adresse postale, une adresse E-mail, une adresse IP, un\nnum\u00e9ro de t\u00e9l\u00e9phone, des donn\u00e9es de localisation, un enregistrement vocal, etc.\n\u00b3<\/p>\n\n\n\n<p>Le CPAS collecte vos donn\u00e9es\nnotamment lorsque vous introduisez une demande d\u2019aide. <\/p>\n\n\n\n<p>Le CPAS collecte entre autres les\ncat\u00e9gories de donn\u00e9es suivantes :<\/p>\n\n\n\n<p>Informations li\u00e9es \u00e0 votre\nidentit\u00e9 : Nom, pr\u00e9nom, num\u00e9ro de registre national, lieu de naissance, sexe,\n\u00e9tat civil, nationalit\u00e9 ;<\/p>\n\n\n\n<p>Informations de contact : Adresse,\nnum\u00e9ro de t\u00e9l\u00e9phone, adresse E-mail ;<\/p>\n\n\n\n<p>Informations familiales : Composition\nde m\u00e9nage d\u00e9taill\u00e9e ;<\/p>\n\n\n\n<p>Informations financi\u00e8res : Num\u00e9ro\nde compte bancaire, revenus mensuels et annuels (professionnels, mobiliers, \u2026),\nprestations sociales ou familiales, talon de pension, extrait de r\u00f4le relatif \u00e0\nl\u2019imp\u00f4t des personnes physiques ;<\/p>\n\n\n\n<p>Informations relatives \u00e0 la\nformation : Curriculum vitae, dipl\u00f4mes, certificats ;<\/p>\n\n\n\n<p>Informations personnelles \u00e0 caract\u00e8re\nplus sensibles : Dans certains cas l\u2019extrait du casier judiciaire,\nl\u2019appartenance syndicale ou des donn\u00e9es m\u00e9dicales. <\/p>\n\n\n\n<p>\u00b2 Cf. Article 4 num\u00e9ro 1 du RGPD.<br> \u00b3 Cf.&nbsp;<a rel=\"noreferrer noopener\" href=\"https:\/\/www.autoriteprotectiondonnees.be\/donnee-a-caractere-personnel\" target=\"_blank\">https:\/\/www.autoriteprotectiondonnees.be\/donnee-a-caractere-personnel<\/a><br> <br> <\/p>\n\n\n\n<p><strong>Finalit\u00e9 du\ntraitement de donn\u00e9es<\/strong><\/p>\n\n\n\n<p>Le CPAS est susceptible de traiter vos donn\u00e9es\nnotamment aux fins suivantes :<\/p>\n\n\n\n<ul>\n<li>La gestion des demandes d\u2019accompagnement psychosocial ;<\/li>\n\n\n\n<li>La gestion des demandes d\u2019aides sociales diverses (soins de sant\u00e9,<br>     logement, garanties locatives, etc.) ;<\/li>\n\n\n\n<li>La gestion des demandes de m\u00e9diation de dettes ;<\/li>\n\n\n\n<li>Le suivi en mati\u00e8re d\u2019insertion socioprofessionnelle ;<\/li>\n\n\n\n<li>L\u2019accompagnement des personnes \u00e2g\u00e9es \u00e0 domicile ;<\/li>\n\n\n\n<li>L\u2019aide au logement et \u00e0 l\u2019h\u00e9bergement ;\u00a0<\/li>\n\n\n\n<li>La gestion de biens immobiliers ;<\/li>\n\n\n\n<li>La gestion du personnel du CPAS et des candidatures.<\/li>\n<\/ul>\n\n\n\n<p>Cette liste est exemplative et non limitative.<br> <br> <\/p>\n\n\n\n<p><strong>Lic\u00e9it\u00e9 du traitement<\/strong><\/p>\n\n\n\n<p>Dans le cadre de sa mission sociale, le CPAS\nn\u2019utilise vos donn\u00e9es que sur base d\u2019au moins un des fondements suivants,\nconform\u00e9ment \u00e0 l\u2019article 6 du RGPD :<\/p>\n\n\n\n<ul>\n<li>Le traitement est n\u00e9cessaire au respect d\u2019une obligation l\u00e9gale \u00e0<br>     laquelle le CPAS est soumis ;<\/li>\n\n\n\n<li>Le traitement est n\u00e9cessaire \u00e0 l\u2019ex\u00e9cution d\u2019une mission d\u2019int\u00e9r\u00eat<br>     public ou relevant de l\u2019exercice de l\u2019autorit\u00e9 publique dont est investi<br>     le CPAS ;<\/li>\n\n\n\n<li>Vous avez consenti au traitement de vos donn\u00e9es pour une ou<br>     plusieurs finalit\u00e9s sp\u00e9cifiques ;<\/li>\n\n\n\n<li>Le traitement est n\u00e9cessaire \u00e0 l\u2019ex\u00e9cution d\u2019un contrat, ou \u00e0<br>     l\u2019ex\u00e9cution de mesures pr\u00e9contractuelles prises \u00e0 votre demande ;<\/li>\n<\/ul>\n\n\n\n<p>Le CPAS s\u2019engage \u00e0 limiter le traitement de vos donn\u00e9es \u00e0 caract\u00e8re personnel \u00e0 ce qui est n\u00e9cessaire pour cette finalit\u00e9.<br> <br> <\/p>\n\n\n\n<p><strong>Quelle est la base l\u00e9gale?<\/strong><\/p>\n\n\n\n<p>En tant que service\npublic local nous sommes soumis \u00e0 diff\u00e9rentes l\u00e9gislations et textes de\nr\u00e9f\u00e9rence, notamment :<\/p>\n\n\n\n<ul>\n<li>Le Code de la d\u00e9mocratie locale et de la d\u00e9centralisation (arr\u00eat\u00e9 du Gouvernement wallon du 22 avril 2004 \u2013 M.B. du 22 mars 2005) ;<\/li>\n\n\n\n<li>La loi du 8 juillet 1976 organique des centres publics d\u2019action sociale (M.B. du 05 ao\u00fbt 1976) ;<\/li>\n\n\n\n<li>La loi du 26 mai 2002 concernant le droit \u00e0 l&rsquo;int\u00e9gration sociale (M.B. du 31 juillet 2002) ;<\/li>\n\n\n\n<li>L\u2019arr\u00eat\u00e9 royal du 11 juillet 2002 portant r\u00e8glement g\u00e9n\u00e9ral en mati\u00e8re de droit \u00e0 l\u2019int\u00e9gration sociale (M.B. du 31 juillet 2002) ;<\/li>\n\n\n\n<li>La loi du 2 avril 1965 relative \u00e0 la prise en charge des secours accord\u00e9s par les CPAS (M.B. du 6 mai 1965) ;<\/li>\n\n\n\n<li>La loi du 17 juin 2016 relatives aux march\u00e9s publics (M.B. du 14 juillet 2016) ;<\/li>\n\n\n\n<li>La loi du 16 f\u00e9vrier 2017 modifiant la loi du 17 juin 2013 relative \u00e0 la motivation, \u00e0 l\u2019information et aux voies de recours en mati\u00e8re de march\u00e9s publics et de certains march\u00e9s de travaux, de fournitures et de services (M.B. du 17 mars 2017) ;<\/li>\n\n\n\n<li>Le d\u00e9cret de la R\u00e9gion Wallonne du 15 mars 2018 relatif au bail d\u2019habitation (M.B. du 28 mars 2018).<\/li>\n\n\n\n<li>La loi du 3 juillet 1978 relative aux contrats de travail (M.B. du 22 ao\u00fbt 1978) ;<\/li>\n\n\n\n<li>Le statut p\u00e9cuniaire et le statut administratif du CPAS de Namur ;<\/li>\n\n\n\n<li>Le r\u00e8glement de travail du CPAS de Namur ;<\/li>\n\n\n\n<li>La loi du 12 avril 1965 concernant la protection de la r\u00e9mun\u00e9ration des travailleurs (M.B. du 30 avril 1965) ;<\/li>\n\n\n\n<li>La loi du 16 mars 1971 sur le travail (M.B. du 30 mars 1971) ;<\/li>\n\n\n\n<li>La loi du 14 d\u00e9cembre 2000 fixant certains aspects de l&rsquo;am\u00e9nagement du temps de travail dans le secteur public (M.B. du 5 janvier 2001) ;<\/li>\n\n\n\n<li>Le Code wallon de l\u2019action sociale et de la sant\u00e9 ;<\/li>\n\n\n\n<li>L\u2019arr\u00eat\u00e9 minist\u00e9riel 06 novembre 2003 fixant le montant et les conditions d\u2019octroi de l\u2019intervention vis\u00e9e \u00e0 l\u2019article 37,\u00a712, de la loi relative \u00e0 l\u2019assurance obligatoire soins de sant\u00e9 et indemnit\u00e9s, coordonn\u00e9e le 14 juillet 1994, dans les MRS et dans les MRPA (M.B. du 26 novembre 2003) ;<\/li>\n\n\n\n<li>L\u2019arr\u00eat\u00e9 minist\u00e9riel du 22 juin 2000 fixant l\u2019intervention vis\u00e9e \u00e0 l\u2019article 37, \u00a712, de la loi relative \u00e0 l\u2019assurance obligatoire soins de sant\u00e9 et indemnit\u00e9s, coordonn\u00e9e le 14 juillet 1994 (M.B. du 26 juillet 2000) ;<\/li>\n\n\n\n<li>L\u2019arr\u00eat\u00e9 royal du 09 juillet 2003 portant ex\u00e9cution de l\u2019article 69, \u00a74, al.2 de la loi relative \u00e0 l\u2019assurance obligatoire soins de sant\u00e9 et indemnit\u00e9s, coordonn\u00e9e le 14 juillet 1994 (M.B. du 22 juillet 2003) ;<\/li>\n\n\n\n<li>L\u2019arr\u00eat\u00e9 royal du 15 septembre 2006 portant ex\u00e9cution de l\u2019article 59 de la loi du 02 janvier 2001 portant ex\u00e9cution des dispositions sociales, budg\u00e9taires et diverses, en ce qui concerne les mesures de dispense des prestations de travail et de fin de carri\u00e8re (M.B. du 29 septembre 2006) ;<\/li>\n\n\n\n<li>L\u2019arr\u00eat\u00e9 royal du 17 ao\u00fbt 2007 pris en ex\u00e9cution des articles 57 et 59 de la loi-programme du 02 janvier 2001 concernant l\u2019harmonisation des bar\u00e8mes, l\u2019augmentation des r\u00e9mun\u00e9rations et la cr\u00e9ation d\u2019emplois dans certaines institutions de soins (M.B. du 21 septembre 2007).<\/li>\n<\/ul>\n\n\n\n<p><strong>Conservation de vos donn\u00e9es<\/strong><\/p>\n\n\n\n<p>Afin de satisfaire \u00e0 ses obligations l\u00e9gales (sociales, fiscales, etc.), le CPAS conserve vos donn\u00e9es pendant la dur\u00e9e fix\u00e9e par les dispositions l\u00e9gales applicables.<\/p>\n\n\n\n<p><strong>Quels\nsont vos droits&nbsp;?<\/strong><\/p>\n\n\n\n<p>Dans ses\narticles 12 \u00e0 22, le RGPD garantit diff\u00e9rents droits aux personnes concern\u00e9es\ntelles que vous-m\u00eame.<\/p>\n\n\n\n<p>N\u00e9anmoins,\ncertains de ces droits sont soumis \u00e0 des conditions l\u00e9gales. Ils pourront \u00eatre\nexerc\u00e9s aux conditions pr\u00e9vues par la r\u00e9glementation et sous r\u00e9serve de ne pas\nporter atteinte aux droits et libert\u00e9s de tiers (secret professionnel, vie\npriv\u00e9e, etc.).<\/p>\n\n\n\n<p>En tant que\npersonne concern\u00e9e, vous avez notamment les droits suivants pour les donn\u00e9es \u00e0\ncaract\u00e8re personnel vous concernant faisant l\u2019objet d\u2019un traitement par le CPAS\n:<\/p>\n\n\n\n<ul>\n<li>Droit<br>\u00e0 l\u2019information :\u00a0Conform\u00e9ment<br>au principe de transparence du RGPD, vous avez le droit \u00e0 une information<br>claire sur les donn\u00e9es vous concernant conserv\u00e9es et trait\u00e9es par le CPAS\u00a0;<\/li>\n\n\n\n<li>Droit d\u2019acc\u00e8s aux donn\u00e9es \u00e0 caract\u00e8re personnel :\u00a0Vous avez le droit de consulter vos donn\u00e9es \u00e0 caract\u00e8re<br>personnel et d\u2019en obtenir une copie gratuite ;<\/li>\n\n\n\n<li>Droit<br>\u00e0 la rectification :\u00a0Vous<br>avez le droit de demander la rectification de toute donn\u00e9e inexacte et<br>d\u2019obtenir que les donn\u00e9es incompl\u00e8tes soient compl\u00e9t\u00e9es ;<\/li>\n\n\n\n<li>Droit<br>\u00e0 l\u2019effacement :\u00a0Vous<br>avez le droit de demander l\u2019effacement dans les meilleurs d\u00e9lais de vos donn\u00e9es<br>\u00e0 certaines conditions, notamment lorsqu\u2019elles ne sont plus n\u00e9cessaires au<br>regard des finalit\u00e9s pour lesquelles elles ont \u00e9t\u00e9 collect\u00e9es ou trait\u00e9es ;<\/li>\n\n\n\n<li>Droit<br>\u00e0 la limitation du traitement :\u00a0Vous<br>avez le droit de demander que l\u2019utilisation de certaines de vos donn\u00e9es soit<br>suspendue, le cas \u00e9ch\u00e9ant temporairement, notamment quand celles-ci font<br>l\u2019objet de contestations (\u00e0 l\u2019exception du traitement de conservation des<br>donn\u00e9es) ;<\/li>\n\n\n\n<li>Droit<br>au retrait du consentement :\u00a0Pour<br>autant que le traitement soit effectu\u00e9 sur base de votre consentement, vous<br>avez le droit de retirer celui-ci \u00e0 tout moment, sans que cela porte atteinte \u00e0<br>la lic\u00e9it\u00e9 du traitement fond\u00e9 sur le consentement effectu\u00e9 avant le retrait de<br>celui-ci ;<\/li>\n\n\n\n<li>Droit<br>\u00e0 la portabilit\u00e9 de donn\u00e9es :\u00a0Seulement<br>si le traitement est effectu\u00e9 sur base de votre consentement pr\u00e9alable ou pour<br>l\u2019ex\u00e9cution d\u2019un contrat, vous avez le droit de demander \u00e0 r\u00e9cup\u00e9rer les<br>donn\u00e9es que vous avez fournies pour un usage personnel ou pour les transmettre<br>\u00e0 un tiers de votre choix, dans un format lisible par une machine, lorsque cela<br>est techniquement possible.<\/li>\n<\/ul>\n\n\n\n<p><strong>Comment pouvez-vous exercer vos droits&nbsp;? <\/strong><\/p>\n\n\n\n<p>Vous pouvez exercer\nvos droits en renvoyant le&nbsp;formulaire de demande&nbsp;dat\u00e9 et sign\u00e9.<\/p>\n\n\n\n<ul>\n<li>Par E-mail \u00e0 notre DPD \u00e0 l\u2019adresse suivante :\u00a0<a href=\"mailto:dpo@estaimpuis.be\">dpo@estaimpuis.be<\/a><\/li>\n\n\n\n<li>Ou par envoi postal au CPAS d\u2019Estaimpuis, Rue de Berne, 4 \u00e0 7730 Leers-Nord.<\/li>\n<\/ul>\n\n\n\n<p>Vous pouvez t\u00e9l\u00e9charger le&nbsp;<a href=\"http:\/\/www.cpasestaimpuis.be\/wp-content\/uploads\/2020\/06\/Formulaire-type-droit-dacc\u00e8s-pdf.pdf\" target=\"_blank\" rel=\"noreferrer noopener\">formulaire de demande<\/a>&nbsp;au format PDF.<\/p>\n\n\n\n<p>Attention !&nbsp;La\ndemande doit \u00eatre envoy\u00e9e avec une copie recto de votre pi\u00e8ce d\u2019identit\u00e9.<\/p>\n\n\n\n<p>Si vous estimez que\nle CPAS d\u2019Estaimpuis n\u2019a pas prot\u00e9g\u00e9 et\/ou trait\u00e9 vos donn\u00e9es personnelles\nconform\u00e9ment aux r\u00e9glementations en vigueur, vous avez&nbsp;le droit\nd\u2019introduire une r\u00e9clamation aupr\u00e8s de l\u2019Autorit\u00e9 de protection des donn\u00e9es.<\/p>\n\n\n\n<p>Autorit\u00e9 de protection des donn\u00e9es (APD)<br> Rue de la Presse, 35 &#8211; 1000 BRUXELLES<br> T\u00e9l\u00e9phone : 02\/274.48.00<br> E-mail :&nbsp;<a href=\"mailto:commission@privacycommission.be\">commission@privacycommission.be<\/a><br> Site web:&nbsp;<a rel=\"noreferrer noopener\" href=\"https:\/\/www.autoriteprotectiondonnees.be\" target=\"_blank\">https:\/\/www.autoriteprotectiondonnees.be<\/a><\/p>\n\n\n\n<p><strong>Destinataire\nde vos donn\u00e9es<\/strong><\/p>\n\n\n\n<p>Le CPAS\npartage certaines de vos donn\u00e9es personnelles avec diverses instances publiques\nou institutions priv\u00e9es dans le cadre de l\u2019ex\u00e9cution de ses missions, lorsqu\u2019il\ny est tenu en vertu de la loi ou d\u2019une d\u00e9cision de justice.<\/p>\n\n\n\n<p>Le CPAS\ntransf\u00e8re certaines de vos donn\u00e9es \u00e0 ses sous-traitants dans la mesure\nstrictement n\u00e9cessaire au fonctionnement d\u2019applications ou syst\u00e8mes de gestion\nexistants auxquels le CPAS a souscrit.<\/p>\n\n\n\n<p>La communication \u00e0 ces tiers se fait uniquement aux fins pr\u00e9cis\u00e9es ci-devant, dans les limites des fondements de lic\u00e9it\u00e9 et moyennant le respect des droits fondamentaux tels que le secret professionnel et les garanties appropri\u00e9es requises par le RGPD.<\/p>\n\n\n\n<p><strong>Principales sources d\u2019informations<\/strong><\/p>\n\n\n\n<p>Lorsque les donn\u00e9es \u00e0 caract\u00e8re personnel ne sont pas collect\u00e9es directement aupr\u00e8s de vous, vos donn\u00e9es proviennent notamment des bases de donn\u00e9es publiques auxquelles nous avons acc\u00e8s afin de r\u00e9aliser nos missions, par exemple la Banque Carrefour de la S\u00e9curit\u00e9 Sociale (BCSS).<\/p>\n\n\n\n<p><strong>S\u00e9curit\u00e9 de l\u2019information \u00e0 caract\u00e8re personnel<\/strong><\/p>\n\n\n\n<p>Le CPAS\nd\u2019Estaimpuis s&rsquo;engage \u00e0 prendre toutes les mesures techniques et\norganisationnelles appropri\u00e9es pour prot\u00e9ger les informations et les donn\u00e9es\npersonnelles recueillies contre la destruction, la perte, la modification non\nintentionnelle, les dommages, l&rsquo;acc\u00e8s accidentel ou non autoris\u00e9 ou tout autre\ntraitement non autoris\u00e9 de donn\u00e9es personnelles.<\/p>\n\n\n\n<p>Pour assurer\ncette s\u00e9curit\u00e9 du traitement, le CPAS utilise des outils de d\u00e9tection de code\nmalveillant (notamment anti-virus, anti spam), assure le contr\u00f4le des droits\nd\u2019acc\u00e8s, l\u2019authentification des utilisateurs, l&rsquo;int\u00e9grit\u00e9 et la disponibilit\u00e9\ndes donn\u00e9es.<\/p>\n\n\n\n<p>Par ailleurs, chaque membre du personnel est tenu au respect du secret professionnel, tant au cours de son activit\u00e9 qu\u2019apr\u00e8s la cessation de celle-ci, en conformit\u00e9 aux articles 36 et 50 de la loi organique de 1976 et l\u2019article 458 du Code p\u00e9nal.<\/p>\n\n\n\n<p><strong>Mise \u00e0 jour<\/strong><\/p>\n\n\n\n<p>Le CPAS peut\n\u00e0 tout moment apporter des corrections, des compl\u00e9ments ou des modifications \u00e0\nla pr\u00e9sente politique de protection des donn\u00e9es en fonction des \u00e9volutions\nfutures de notre environnement, du d\u00e9veloppement de nouveaux services, et afin\nde mieux r\u00e9pondre aux normes l\u00e9gales.<\/p>\n\n\n\n<p>La pr\u00e9sente version a \u00e9t\u00e9 mise \u00e0 jour le 27 avril 2020.<\/p>\n\n\n\n<p><\/p>\n","protected":false},"excerpt":{"rendered":"<p>Introduction&nbsp; Le Centre Public d\u2019Action Sociale de la Ville d\u2019Estaimpuis (ci-apr\u00e8s \u00ab le CPAS \u00bb) est un service public local.<\/p>\n","protected":false},"author":1,"featured_media":0,"comment_status":"closed","ping_status":"open","sticky":false,"template":"","format":"standard","meta":{"footnotes":""},"categories":[10],"tags":[],"_links":{"self":[{"href":"https:\/\/www.cpasestaimpuis.be\/index.php\/wp-json\/wp\/v2\/posts\/1019"}],"collection":[{"href":"https:\/\/www.cpasestaimpuis.be\/index.php\/wp-json\/wp\/v2\/posts"}],"about":[{"href":"https:\/\/www.cpasestaimpuis.be\/index.php\/wp-json\/wp\/v2\/types\/post"}],"author":[{"embeddable":true,"href":"https:\/\/www.cpasestaimpuis.be\/index.php\/wp-json\/wp\/v2\/users\/1"}],"replies":[{"embeddable":true,"href":"https:\/\/www.cpasestaimpuis.be\/index.php\/wp-json\/wp\/v2\/comments?post=1019"}],"version-history":[{"count":3,"href":"https:\/\/www.cpasestaimpuis.be\/index.php\/wp-json\/wp\/v2\/posts\/1019\/revisions"}],"predecessor-version":[{"id":2102,"href":"https:\/\/www.cpasestaimpuis.be\/index.php\/wp-json\/wp\/v2\/posts\/1019\/revisions\/2102"}],"wp:attachment":[{"href":"https:\/\/www.cpasestaimpuis.be\/index.php\/wp-json\/wp\/v2\/media?parent=1019"}],"wp:term":[{"taxonomy":"category","embeddable":true,"href":"https:\/\/www.cpasestaimpuis.be\/index.php\/wp-json\/wp\/v2\/categories?post=1019"},{"taxonomy":"post_tag","embeddable":true,"href":"https:\/\/www.cpasestaimpuis.be\/index.php\/wp-json\/wp\/v2\/tags?post=1019"}],"curies":[{"name":"wp","href":"https:\/\/api.w.org\/{rel}","templated":true}]}}